{"id":265,"date":"2014-01-28T11:12:45","date_gmt":"2014-01-28T10:12:45","guid":{"rendered":"http:\/\/gsv-schermbeck.de\/?p=265"},"modified":"2014-01-28T11:16:34","modified_gmt":"2014-01-28T10:16:34","slug":"jens-hoffrogge-ist-sportler-des-jahres-2013","status":"publish","type":"post","link":"https:\/\/gsv-schermbeck.de\/?p=265","title":{"rendered":"Jens Hoffrogge ist Sportler des Jahres 2013"},"content":{"rendered":"<p>Aus einer Vielzahl von hervorragenden Sportlern wurde der 29-j\u00e4hrige Jens Hoffrogge (Reitverein Lippe Bruch Gahlen \u00a0e.V.) zum Sportler des Jahres 2013 in Schermbeck gew\u00e4hlt. Aufgrund seiner konstant guten Leistung im vergangenen Jahr und seiner Berufung in den Bundeskader Vielseitigkeit B2 wurde er am Freitagabend, im Saal der Gastst\u00e4tte Ramirez, zum Nachfolger von Sebastian Spahn ernannt.<\/p>\n<p><a href=\"http:\/\/gsv-schermbeck.de\/wp-content\/uploads\/2014\/01\/IMG_0609.jpg\"><img loading=\"lazy\" decoding=\"async\" class=\"alignleft size-medium wp-image-269\" alt=\"Jens Hoffrogge\" src=\"http:\/\/gsv-schermbeck.de\/wp-content\/uploads\/2014\/01\/IMG_0609-300x200.jpg\" width=\"284\" height=\"190\" srcset=\"https:\/\/gsv-schermbeck.de\/wp-content\/uploads\/2014\/01\/IMG_0609-300x200.jpg 300w, https:\/\/gsv-schermbeck.de\/wp-content\/uploads\/2014\/01\/IMG_0609-1024x682.jpg 1024w\" sizes=\"auto, (max-width: 284px) 100vw, 284px\" \/><\/a>Den zweiten Platz sicherte sich die Formation Dancing Rebels des TC Gr\u00fcn-Wei\u00df Schermbeck e.V. Den dritten Platz teilen sich die Tennisspielerin Hannah Eifert vom TuS Gahlen und die U12-Wasserball-Mannschaft des WSV Schermbeck.<\/p>\n<p>&nbsp;<\/p>\n<p><a href=\"http:\/\/gsv-schermbeck.de\/wp-content\/uploads\/2014\/01\/IMG_0356.jpg\"><img loading=\"lazy\" decoding=\"async\" class=\"size-medium wp-image-268 alignright\" alt=\"IMG_0356\" src=\"http:\/\/gsv-schermbeck.de\/wp-content\/uploads\/2014\/01\/IMG_0356-300x200.jpg\" width=\"198\" height=\"131\" srcset=\"https:\/\/gsv-schermbeck.de\/wp-content\/uploads\/2014\/01\/IMG_0356-300x200.jpg 300w, https:\/\/gsv-schermbeck.de\/wp-content\/uploads\/2014\/01\/IMG_0356-1024x682.jpg 1024w\" sizes=\"auto, (max-width: 198px) 100vw, 198px\" \/><\/a>Auch dieses Jahr wurde der Abend von Hella Sinnhuber moderiert.\u00a0 Den nominierten Sportlern entlockte sie auf der B\u00fchne nicht nur den jeweiligen Schlachtruf der Mannschaft, sondern auch W\u00fcnsche und Ziele f\u00fcrs Jahr 2014.<\/p>\n<p>Begleitet wurde der Abend \u00a0von der Gruppe Wind, die den gesamten Saal gekonnt zum Mitsingen und Feiern animierten. Doch auch der Sport sollte an diesem Abend nicht fehlen. Joel Zupan und Michelle Grewing begeisterten mit einer beeindruckenden Tanzshow das Publikum.<\/p>\n<p><a href=\"http:\/\/gsv-schermbeck.de\/wp-content\/uploads\/2014\/01\/IMG_0251.jpg\"><img loading=\"lazy\" decoding=\"async\" class=\"alignleft size-medium wp-image-267\" alt=\"IMG_0251\" src=\"http:\/\/gsv-schermbeck.de\/wp-content\/uploads\/2014\/01\/IMG_0251-300x200.jpg\" width=\"278\" height=\"185\" srcset=\"https:\/\/gsv-schermbeck.de\/wp-content\/uploads\/2014\/01\/IMG_0251-300x200.jpg 300w, https:\/\/gsv-schermbeck.de\/wp-content\/uploads\/2014\/01\/IMG_0251-1024x682.jpg 1024w\" sizes=\"auto, (max-width: 278px) 100vw, 278px\" \/><\/a><a href=\"http:\/\/gsv-schermbeck.de\/wp-content\/uploads\/2014\/01\/IMG_0733-1.jpg\"><img loading=\"lazy\" decoding=\"async\" class=\"alignleft size-medium wp-image-270\" alt=\"IMG_0733-1\" src=\"http:\/\/gsv-schermbeck.de\/wp-content\/uploads\/2014\/01\/IMG_0733-1-300x200.jpg\" width=\"276\" height=\"184\" srcset=\"https:\/\/gsv-schermbeck.de\/wp-content\/uploads\/2014\/01\/IMG_0733-1-300x200.jpg 300w, https:\/\/gsv-schermbeck.de\/wp-content\/uploads\/2014\/01\/IMG_0733-1-1024x682.jpg 1024w\" sizes=\"auto, (max-width: 276px) 100vw, 276px\" \/><\/a><\/p>\n<p>&nbsp;<\/p>\n<p>&nbsp;<\/p>\n<p>&nbsp;<\/p>\n<p>&nbsp;<\/p>\n<p>&nbsp;<\/p>\n<p>Der GSV bedankt sich ganz herzlich bei allen Sportlern des Jahres 2013, die das Entstehen einer so sch\u00f6nen Veranstaltung erm\u00f6glicht haben.\u00a0 Ein besonderer Dank gilt der Jury, bestehend aus Olaf Thon, Hella Sinnhuber, Andreas Leistner, Wolfgang Lensing und Jens Schulz f\u00fcr den tollen Einsatz. Ohne unsere Sponsoren, der Verbandssparkasse Schermbeck, der Volksbank Schermbeck \u00a0und K\u00f6nigPilsener w\u00e4re dieser tolle Abend nicht m\u00f6glich gewesen. Vielen Dank f\u00fcr die Unterst\u00fctzung.<\/p>\n<p>Der GSV freut sich auf ein spannendes und vor allem sportliches Jahr 2014!!!<\/p>\n<p>Ein tolles Video zur Sportlerehrung ist unter dem folgenden Link bei Schermbeck grenzenlos zu finden.<\/p>\n<p><a title=\"Video Sportler des Jahres 2013\" href=\"http:\/\/www.schermbeck-grenzenlos.de\/index.php\/videos1\/video\/sportler-des-jahres-2013\" target=\"_blank\">http:\/\/www.schermbeck-grenzenlos.de\/index.php\/videos1\/video\/sportler-des-jahres-2013<\/a><\/p>\n<p>&nbsp;<\/p>\n","protected":false},"excerpt":{"rendered":"<p>Aus einer Vielzahl von hervorragenden Sportlern wurde der 29-j\u00e4hrige Jens Hoffrogge (Reitverein Lippe [&hellip;]<\/p>\n","protected":false},"author":1,"featured_media":0,"comment_status":"closed","ping_status":"closed","sticky":false,"template":"","format":"standard","meta":{"footnotes":""},"categories":[5],"tags":[],"class_list":["post-265","post","type-post","status-publish","format-standard","hentry","category-allgemein"],"_links":{"self":[{"href":"https:\/\/gsv-schermbeck.de\/index.php?rest_route=\/wp\/v2\/posts\/265","targetHints":{"allow":["GET"]}}],"collection":[{"href":"https:\/\/gsv-schermbeck.de\/index.php?rest_route=\/wp\/v2\/posts"}],"about":[{"href":"https:\/\/gsv-schermbeck.de\/index.php?rest_route=\/wp\/v2\/types\/post"}],"author":[{"embeddable":true,"href":"https:\/\/gsv-schermbeck.de\/index.php?rest_route=\/wp\/v2\/users\/1"}],"replies":[{"embeddable":true,"href":"https:\/\/gsv-schermbeck.de\/index.php?rest_route=%2Fwp%2Fv2%2Fcomments&post=265"}],"version-history":[{"count":7,"href":"https:\/\/gsv-schermbeck.de\/index.php?rest_route=\/wp\/v2\/posts\/265\/revisions"}],"predecessor-version":[{"id":277,"href":"https:\/\/gsv-schermbeck.de\/index.php?rest_route=\/wp\/v2\/posts\/265\/revisions\/277"}],"wp:attachment":[{"href":"https:\/\/gsv-schermbeck.de\/index.php?rest_route=%2Fwp%2Fv2%2Fmedia&parent=265"}],"wp:term":[{"taxonomy":"category","embeddable":true,"href":"https:\/\/gsv-schermbeck.de\/index.php?rest_route=%2Fwp%2Fv2%2Fcategories&post=265"},{"taxonomy":"post_tag","embeddable":true,"href":"https:\/\/gsv-schermbeck.de\/index.php?rest_route=%2Fwp%2Fv2%2Ftags&post=265"}],"curies":[{"name":"wp","href":"https:\/\/api.w.org\/{rel}","templated":true}]}}